

{"id":168455,"date":"2024-11-28T14:44:21","date_gmt":"2024-11-28T13:44:21","guid":{"rendered":"https:\/\/ihcantabria.com\/ihcantabria-and-its-general-director-raul-medina-have-received-the-cujae-seal-in-havana-cuba\/"},"modified":"2024-12-16T00:01:40","modified_gmt":"2024-12-15T22:01:40","slug":"ihcantabria-and-its-general-director-raul-medina-have-received-the-cujae-seal-in-havana-cuba","status":"publish","type":"post","link":"https:\/\/ihcantabria.com\/en\/ihcantabria-and-its-general-director-raul-medina-have-received-the-cujae-seal-in-havana-cuba\/","title":{"rendered":"IHCantabria and its general director, Ra\u00fal Medina, have received the &#8216;Sello CUJAE&#8217; in Havana, Cuba"},"content":{"rendered":"<p>[et_pb_section fb_built=&#8221;1&#8243; _builder_version=&#8221;4.27.0&#8243; vertical_offset_tablet=&#8221;0&#8243; horizontal_offset_tablet=&#8221;0&#8243; custom_margin=&#8221;||||false|false&#8221; custom_padding=&#8221;0px|0px|0|0px&#8221; custom_css_main_element=&#8221;padding: 0% !important;&#8221; box_shadow_horizontal_tablet=&#8221;0px&#8221; box_shadow_vertical_tablet=&#8221;0px&#8221; box_shadow_blur_tablet=&#8221;40px&#8221; box_shadow_spread_tablet=&#8221;0px&#8221; locked=&#8221;off&#8221; collapsed=&#8221;off&#8221; global_colors_info=&#8221;{}&#8221;][et_pb_row _builder_version=&#8221;4.27.0&#8243; background_size=&#8221;initial&#8221; background_position=&#8221;top_left&#8221; background_repeat=&#8221;repeat&#8221; vertical_offset_tablet=&#8221;0&#8243; horizontal_offset_tablet=&#8221;0&#8243; custom_margin=&#8221;10%||||false|false&#8221; z_index_tablet=&#8221;0&#8243; box_shadow_horizontal_tablet=&#8221;0px&#8221; box_shadow_vertical_tablet=&#8221;0px&#8221; box_shadow_blur_tablet=&#8221;40px&#8221; box_shadow_spread_tablet=&#8221;0px&#8221; global_colors_info=&#8221;{}&#8221;][et_pb_column type=&#8221;4_4&#8243; _builder_version=&#8221;4.16&#8243; custom_padding=&#8221;|||&#8221; global_colors_info=&#8221;{}&#8221; custom_padding__hover=&#8221;|||&#8221;][et_pb_divider color=&#8221;#4893ac&#8221; divider_weight=&#8221;7px&#8221; _builder_version=&#8221;4.27.0&#8243; vertical_offset_tablet=&#8221;0&#8243; horizontal_offset_tablet=&#8221;0&#8243; max_width=&#8221;15%&#8221; height=&#8221;50px&#8221; custom_margin=&#8221;80px|||||&#8221; z_index_tablet=&#8221;0&#8243; box_shadow_horizontal_tablet=&#8221;0px&#8221; box_shadow_vertical_tablet=&#8221;0px&#8221; box_shadow_blur_tablet=&#8221;40px&#8221; box_shadow_spread_tablet=&#8221;0px&#8221; global_colors_info=&#8221;{}&#8221;][\/et_pb_divider][et_pb_text _builder_version=&#8221;4.27.0&#8243; text_font=&#8221;Saira Semi Condensed|600|||||||&#8221; text_text_color=&#8221;#4893ac&#8221; text_font_size=&#8221;62px&#8221; vertical_offset_tablet=&#8221;0&#8243; horizontal_offset_tablet=&#8221;0&#8243; custom_margin=&#8221;0px||||false|false&#8221; link_option_url=&#8221;https:\/\/ihcantabria.com\/en\/comunicacion\/noticias\/&#8221; z_index_tablet=&#8221;0&#8243; text_text_shadow_horizontal_length_tablet=&#8221;0px&#8221; text_text_shadow_vertical_length_tablet=&#8221;0px&#8221; text_text_shadow_blur_strength_tablet=&#8221;1px&#8221; link_text_shadow_horizontal_length_tablet=&#8221;0px&#8221; link_text_shadow_vertical_length_tablet=&#8221;0px&#8221; link_text_shadow_blur_strength_tablet=&#8221;1px&#8221; ul_text_shadow_horizontal_length_tablet=&#8221;0px&#8221; ul_text_shadow_vertical_length_tablet=&#8221;0px&#8221; ul_text_shadow_blur_strength_tablet=&#8221;1px&#8221; ol_text_shadow_horizontal_length_tablet=&#8221;0px&#8221; ol_text_shadow_vertical_length_tablet=&#8221;0px&#8221; ol_text_shadow_blur_strength_tablet=&#8221;1px&#8221; quote_text_shadow_horizontal_length_tablet=&#8221;0px&#8221; quote_text_shadow_vertical_length_tablet=&#8221;0px&#8221; quote_text_shadow_blur_strength_tablet=&#8221;1px&#8221; header_text_shadow_horizontal_length_tablet=&#8221;0px&#8221; header_text_shadow_vertical_length_tablet=&#8221;0px&#8221; header_text_shadow_blur_strength_tablet=&#8221;1px&#8221; header_2_text_shadow_horizontal_length_tablet=&#8221;0px&#8221; header_2_text_shadow_vertical_length_tablet=&#8221;0px&#8221; header_2_text_shadow_blur_strength_tablet=&#8221;1px&#8221; header_3_text_shadow_horizontal_length_tablet=&#8221;0px&#8221; header_3_text_shadow_vertical_length_tablet=&#8221;0px&#8221; header_3_text_shadow_blur_strength_tablet=&#8221;1px&#8221; header_4_text_shadow_horizontal_length_tablet=&#8221;0px&#8221; header_4_text_shadow_vertical_length_tablet=&#8221;0px&#8221; header_4_text_shadow_blur_strength_tablet=&#8221;1px&#8221; header_5_text_shadow_horizontal_length_tablet=&#8221;0px&#8221; header_5_text_shadow_vertical_length_tablet=&#8221;0px&#8221; header_5_text_shadow_blur_strength_tablet=&#8221;1px&#8221; header_6_text_shadow_horizontal_length_tablet=&#8221;0px&#8221; header_6_text_shadow_vertical_length_tablet=&#8221;0px&#8221; header_6_text_shadow_blur_strength_tablet=&#8221;1px&#8221; box_shadow_horizontal_tablet=&#8221;0px&#8221; box_shadow_vertical_tablet=&#8221;0px&#8221; box_shadow_blur_tablet=&#8221;40px&#8221; box_shadow_spread_tablet=&#8221;0px&#8221; global_colors_info=&#8221;{}&#8221;]NEWS[\/et_pb_text][\/et_pb_column][\/et_pb_row][\/et_pb_section][et_pb_section fb_built=&#8221;1&#8243; specialty=&#8221;on&#8221; _builder_version=&#8221;4.27.0&#8243; custom_padding=&#8221;0|0px|6px|0px&#8221; collapsed=&#8221;off&#8221; global_colors_info=&#8221;{}&#8221;][et_pb_column type=&#8221;3_4&#8243; specialty_columns=&#8221;3&#8243; _builder_version=&#8221;4.16&#8243; custom_padding=&#8221;|||&#8221; global_colors_info=&#8221;{}&#8221; custom_padding__hover=&#8221;|||&#8221;][et_pb_row_inner column_structure=&#8221;undefined&#8221; admin_label=&#8221;Fila&#8221; _builder_version=&#8221;4.27.0&#8243; custom_margin=&#8221;||||false|false&#8221; global_colors_info=&#8221;{}&#8221;][et_pb_column_inner type=&#8221;undefined&#8221; saved_specialty_column_type=&#8221;3_4&#8243; _builder_version=&#8221;4.16&#8243; custom_padding=&#8221;|||&#8221; global_colors_info=&#8221;{}&#8221; custom_padding__hover=&#8221;|||&#8221;][et_pb_post_title date_format=&#8221;j M, Y&#8221; featured_image=&#8221;off&#8221; _builder_version=&#8221;4.27.0&#8243; title_font=&#8221;Saira Semi Condensed|500||on|||||&#8221; title_text_color=&#8221;#7f8789&#8243; title_font_size=&#8221;28px&#8221; meta_font=&#8221;Saira Semi Condensed||||||||&#8221; meta_text_color=&#8221;#4893ac&#8221; vertical_offset_tablet=&#8221;0&#8243; horizontal_offset_tablet=&#8221;0&#8243; max_width=&#8221;70%&#8221; module_alignment=&#8221;left&#8221; custom_margin=&#8221;||||false|false&#8221; z_index_tablet=&#8221;0&#8243; title_text_shadow_horizontal_length_tablet=&#8221;0px&#8221; title_text_shadow_vertical_length_tablet=&#8221;0px&#8221; title_text_shadow_blur_strength_tablet=&#8221;1px&#8221; meta_text_shadow_horizontal_length_tablet=&#8221;0px&#8221; meta_text_shadow_vertical_length_tablet=&#8221;0px&#8221; meta_text_shadow_blur_strength_tablet=&#8221;1px&#8221; box_shadow_horizontal_tablet=&#8221;0px&#8221; box_shadow_vertical_tablet=&#8221;0px&#8221; box_shadow_blur_tablet=&#8221;40px&#8221; box_shadow_spread_tablet=&#8221;0px&#8221; text_shadow_horizontal_length_tablet=&#8221;0px&#8221; text_shadow_vertical_length_tablet=&#8221;0px&#8221; text_shadow_blur_strength_tablet=&#8221;1px&#8221; global_colors_info=&#8221;{}&#8221;]\u00a0 [\/et_pb_post_title][\/et_pb_column_inner][\/et_pb_row_inner][et_pb_row_inner column_structure=&#8221;1_2,1_2&#8243; _builder_version=&#8221;4.16&#8243; custom_margin=&#8221;||1px|||&#8221; custom_padding=&#8221;0|0px|0px|0px||&#8221; locked=&#8221;off&#8221; global_colors_info=&#8221;{}&#8221;][et_pb_column_inner type=&#8221;1_2&#8243; saved_specialty_column_type=&#8221;3_4&#8243; _builder_version=&#8221;4.16&#8243; custom_padding=&#8221;|2%||&#8221; global_colors_info=&#8221;{}&#8221; custom_padding__hover=&#8221;|||&#8221;][et_pb_image src=&#8221;https:\/\/ihcantabria.com\/wp-content\/uploads\/2024\/11\/1.-Raul-Medina-recibe-el-Sello-CUJAE.jpg&#8221; title_text=&#8221;Ra\u00fal Medina receives the CUJAE Seal.&#8221; _builder_version=&#8221;4.27.4&#8243; _module_preset=&#8221;default&#8221; global_colors_info=&#8221;{}&#8221;][\/et_pb_image][et_pb_text _builder_version=&#8221;4.27.4&#8243; _module_preset=&#8221;default&#8221; text_font_size=&#8221;14px&#8221; hover_enabled=&#8221;0&#8243; global_colors_info=&#8221;{}&#8221; sticky_enabled=&#8221;0&#8243;]<\/p>\n<p>The general director of IHCantabria, Ra\u00fal Medina, received the &#8216;Sello CUJAE&#8217; from Martha Dunia Delgado, rector of the Universidad Tecnol\u00f3gica de La Habana &#8216;Jos\u00e9 Antonio Echeverr\u00eda&#8217;<\/p>\n<p>[\/et_pb_text][\/et_pb_column_inner][et_pb_column_inner type=&#8221;1_2&#8243; saved_specialty_column_type=&#8221;3_4&#8243; _builder_version=&#8221;4.16&#8243; custom_padding=&#8221;|||2%&#8221; global_colors_info=&#8221;{}&#8221; custom_padding__hover=&#8221;|||&#8221;][et_pb_text admin_label=&#8221;Texto&#8221; _builder_version=&#8221;4.27.4&#8243; text_font=&#8221;|300|||||||&#8221; text_font_size=&#8221;19px&#8221; background_color=&#8221;#ffffff&#8221; vertical_offset_tablet=&#8221;0&#8243; horizontal_offset_tablet=&#8221;0&#8243; custom_margin=&#8221;2%|||&#8221; custom_padding=&#8221;|5%||&#8221; hover_enabled=&#8221;0&#8243; z_index_tablet=&#8221;500&#8243; text_text_shadow_horizontal_length_tablet=&#8221;0px&#8221; text_text_shadow_vertical_length_tablet=&#8221;0px&#8221; text_text_shadow_blur_strength_tablet=&#8221;1px&#8221; link_text_shadow_horizontal_length_tablet=&#8221;0px&#8221; link_text_shadow_vertical_length_tablet=&#8221;0px&#8221; link_text_shadow_blur_strength_tablet=&#8221;1px&#8221; ul_text_shadow_horizontal_length_tablet=&#8221;0px&#8221; ul_text_shadow_vertical_length_tablet=&#8221;0px&#8221; ul_text_shadow_blur_strength_tablet=&#8221;1px&#8221; ol_text_shadow_horizontal_length_tablet=&#8221;0px&#8221; ol_text_shadow_vertical_length_tablet=&#8221;0px&#8221; ol_text_shadow_blur_strength_tablet=&#8221;1px&#8221; quote_text_shadow_horizontal_length_tablet=&#8221;0px&#8221; quote_text_shadow_vertical_length_tablet=&#8221;0px&#8221; quote_text_shadow_blur_strength_tablet=&#8221;1px&#8221; header_text_shadow_horizontal_length_tablet=&#8221;0px&#8221; header_text_shadow_vertical_length_tablet=&#8221;0px&#8221; header_text_shadow_blur_strength_tablet=&#8221;1px&#8221; header_2_text_shadow_horizontal_length_tablet=&#8221;0px&#8221; header_2_text_shadow_vertical_length_tablet=&#8221;0px&#8221; header_2_text_shadow_blur_strength_tablet=&#8221;1px&#8221; header_3_text_shadow_horizontal_length_tablet=&#8221;0px&#8221; header_3_text_shadow_vertical_length_tablet=&#8221;0px&#8221; header_3_text_shadow_blur_strength_tablet=&#8221;1px&#8221; header_4_text_shadow_horizontal_length_tablet=&#8221;0px&#8221; header_4_text_shadow_vertical_length_tablet=&#8221;0px&#8221; header_4_text_shadow_blur_strength_tablet=&#8221;1px&#8221; header_5_text_shadow_horizontal_length_tablet=&#8221;0px&#8221; header_5_text_shadow_vertical_length_tablet=&#8221;0px&#8221; header_5_text_shadow_blur_strength_tablet=&#8221;1px&#8221; header_6_text_shadow_horizontal_length_tablet=&#8221;0px&#8221; header_6_text_shadow_vertical_length_tablet=&#8221;0px&#8221; header_6_text_shadow_blur_strength_tablet=&#8221;1px&#8221; box_shadow_horizontal_tablet=&#8221;0px&#8221; box_shadow_vertical_tablet=&#8221;0px&#8221; box_shadow_blur_tablet=&#8221;40px&#8221; box_shadow_spread_tablet=&#8221;0px&#8221; global_colors_info=&#8221;{}&#8221; sticky_enabled=&#8221;0&#8243;]<\/p>\n<p><strong><em>The award ceremony of this distinction of the Universidad Tecnol\u00f3gica de La Habana &#8220;Jos\u00e9 Antonio Echeverr\u00eda&#8221; (CUJAE) was attended by about 100 people, including university authorities, honorees and guests<\/em><\/strong><\/p>\n<p>[\/et_pb_text][\/et_pb_column_inner][\/et_pb_row_inner][et_pb_row_inner column_structure=&#8221;undefined&#8221; _builder_version=&#8221;4.21.0&#8243; vertical_offset_tablet=&#8221;0&#8243; horizontal_offset_tablet=&#8221;0&#8243; custom_margin=&#8221;||1px|||&#8221; custom_padding=&#8221;0px|0px|5%|0px&#8221; z_index_tablet=&#8221;0&#8243; box_shadow_horizontal_tablet=&#8221;0px&#8221; box_shadow_vertical_tablet=&#8221;0px&#8221; box_shadow_blur_tablet=&#8221;40px&#8221; box_shadow_spread_tablet=&#8221;0px&#8221; global_colors_info=&#8221;{}&#8221;][et_pb_column_inner type=&#8221;undefined&#8221; saved_specialty_column_type=&#8221;3_4&#8243; _builder_version=&#8221;4.16&#8243; custom_padding=&#8221;|||&#8221; global_colors_info=&#8221;{}&#8221; custom_padding__hover=&#8221;|||&#8221;][et_pb_text _builder_version=&#8221;4.27.4&#8243; text_font=&#8221;|300|||||||&#8221; text_font_size=&#8221;19px&#8221; background_color=&#8221;#ffffff&#8221; vertical_offset_tablet=&#8221;0&#8243; horizontal_offset_tablet=&#8221;0&#8243; custom_margin=&#8221;2%|||&#8221; custom_padding=&#8221;|5%||&#8221; hover_enabled=&#8221;0&#8243; z_index_tablet=&#8221;500&#8243; text_text_shadow_horizontal_length_tablet=&#8221;0px&#8221; text_text_shadow_vertical_length_tablet=&#8221;0px&#8221; text_text_shadow_blur_strength_tablet=&#8221;1px&#8221; link_text_shadow_horizontal_length_tablet=&#8221;0px&#8221; link_text_shadow_vertical_length_tablet=&#8221;0px&#8221; link_text_shadow_blur_strength_tablet=&#8221;1px&#8221; ul_text_shadow_horizontal_length_tablet=&#8221;0px&#8221; ul_text_shadow_vertical_length_tablet=&#8221;0px&#8221; ul_text_shadow_blur_strength_tablet=&#8221;1px&#8221; ol_text_shadow_horizontal_length_tablet=&#8221;0px&#8221; ol_text_shadow_vertical_length_tablet=&#8221;0px&#8221; ol_text_shadow_blur_strength_tablet=&#8221;1px&#8221; quote_text_shadow_horizontal_length_tablet=&#8221;0px&#8221; quote_text_shadow_vertical_length_tablet=&#8221;0px&#8221; quote_text_shadow_blur_strength_tablet=&#8221;1px&#8221; header_text_shadow_horizontal_length_tablet=&#8221;0px&#8221; header_text_shadow_vertical_length_tablet=&#8221;0px&#8221; header_text_shadow_blur_strength_tablet=&#8221;1px&#8221; header_2_text_shadow_horizontal_length_tablet=&#8221;0px&#8221; header_2_text_shadow_vertical_length_tablet=&#8221;0px&#8221; header_2_text_shadow_blur_strength_tablet=&#8221;1px&#8221; header_3_text_shadow_horizontal_length_tablet=&#8221;0px&#8221; header_3_text_shadow_vertical_length_tablet=&#8221;0px&#8221; header_3_text_shadow_blur_strength_tablet=&#8221;1px&#8221; header_4_text_shadow_horizontal_length_tablet=&#8221;0px&#8221; header_4_text_shadow_vertical_length_tablet=&#8221;0px&#8221; header_4_text_shadow_blur_strength_tablet=&#8221;1px&#8221; header_5_text_shadow_horizontal_length_tablet=&#8221;0px&#8221; header_5_text_shadow_vertical_length_tablet=&#8221;0px&#8221; header_5_text_shadow_blur_strength_tablet=&#8221;1px&#8221; header_6_text_shadow_horizontal_length_tablet=&#8221;0px&#8221; header_6_text_shadow_vertical_length_tablet=&#8221;0px&#8221; header_6_text_shadow_blur_strength_tablet=&#8221;1px&#8221; box_shadow_horizontal_tablet=&#8221;0px&#8221; box_shadow_vertical_tablet=&#8221;0px&#8221; box_shadow_blur_tablet=&#8221;40px&#8221; box_shadow_spread_tablet=&#8221;0px&#8221; global_colors_info=&#8221;{}&#8221; sticky_enabled=&#8221;0&#8243;]<\/p>\n<p>The Environmental Hydraulics Institute of the University of Cantabria <a href=\"https:\/\/ihcantabria.com\/en\/\">(IHCantabria<\/a>) and its managing director, <a href=\"https:\/\/ihcantabria.com\/en\/staff-directory\/raul-medina-santamaria\/\">Ra\u00fal Medina Santamar\u00eda<\/a>, received yesterday the distinctive decoration of the Technological University of Havana &#8220;Jos\u00e9 Antonio Echeverr\u00eda&#8221; (CUJAE), in Havana, Cuba.<\/p>\n<p>It is the <strong>&#8216;Sello CUJAE&#8217;,<\/strong> a distinction awarded to personalities, institutions and entities that, through their work, have significantly promoted the advancement of higher education, science and technology. This distinction underlines the close collaboration and positive impact that IHCantabria has had on research and the academic training of Cuban professionals, in coherence with the values and objectives of the Cuban university; as well as the valuable contribution of Ra\u00fal Medina to the consolidation of technical knowledge and the resolution of some challenges related to the protection of Cuba&#8217;s coast.<\/p>\n<p>The official presentation ceremony of the &#8216;Sello CUJAE&#8217; took place at 14:00 on Wednesday, <strong>November 27, 2024, <\/strong>at the Convention Palace of Cuba, during the XXI Scientific Convention of Engineering and Architecture. This event was scheduled within the framework of the 60th Anniversary of the CUJAE, which underlines the relevance of this <strong>award to IHCantabria and Ra\u00fal Medina<\/strong>.<\/p>\n<p>The &#8216;Sello CUJAE&#8217; award ceremony was attended by about 100 people, including members of the CUJAE Rector&#8217;s Office \u2500integrated by the Rector, Martha Dunia Delgado; the First Vice Rector, Daniel Alfonso Robaina; the Academic Vice Rector, Ana Isabel Gonz\u00e1lez; the Vice Rector for Institutional Affairs, Anaisa Hern\u00e1ndez; the Vice Rector for Economics and Services, Osney P\u00e9rez Ones\u2500, along with other authorities from directorates and deans&#8217; offices; in addition to the decorated and invited guests. In this event, 2 special guest professor distinctions and 9 CUJAE Seals were awarded to personalities from different countries, including the 2 &#8216;Sello CUJAE&#8217; awarded to IHCantabria and its managing director, Ra\u00fal Medina.<\/p>\n<p>Upon receiving the &#8216;Sello CUJAE&#8217;, <a href=\"https:\/\/ihcantabria.com\/en\/staff-directory\/raul-medina-santamaria\/\">Ra\u00fal Medina Santamar\u00eda<\/a> thanked the University Council of the Universidad Tecnol\u00f3gica de La Habana &#8220;Jos\u00e9 Antonio Echeverr\u00eda&#8221; for this recognition and offered to continue supporting the contribution of IHCantabria in the studies, projects and training programs in which it has committed to CUJAE. This commitment was confirmed by the Manager of IHCantabria, <a href=\"https:\/\/ihcantabria.com\/en\/staff-directory\/carlos-gutierrez-abascal\/\">Carlos Guti\u00e9rrez Abascal<\/a>, who received yesterday the &#8216;Sello CUJAE&#8217; on behalf of this institute and, in addition to thanking the university for granting this institutional recognition, emphasized that he considers this &#8220;an award from and for all of IHCantabria&#8221;.<\/p>\n<p><strong>A strong collaboration between IHCantabria and Cuba <\/strong><\/p>\n<p>For more than a decade, IHCantabria has collaborated with CUJAE and other Cuban institutions in numerous academic and research projects, as well as contributing to the education and training of Cuban professionals.<\/p>\n<p>An example of this cooperation is the project entitled <a href=\"https:\/\/ihcantabria.com\/en\/ihcantabria-celebrates-the-inauguration-of-the-project-complementary-studies-for-the-integral-solution-to-flooding-in-the-malecon-de-la-habana\/\">&#8220;Complementary studies for the integral solution to flooding in the Havana Malecon&#8221;,<\/a> which began in November 2023, through which IHCantabria has developed tests of 2D and 3D physical models \u2500to evaluate proposed solutions to flooding problems in the Malecon\u2500; in addition to offering training courses and technical support to the Cuban team, on advanced Coastal and Maritime Engineering technologies. Three formative tranches have already been executed, between <a href=\"https:\/\/ihcantabria.com\/en\/ihcantabria-celebrates-the-inauguration-of-the-project-complementary-studies-for-the-integral-solution-to-flooding-in-the-malecon-de-la-habana\/\">November and December 2023<\/a>; as well as in <a href=\"https:\/\/ihcantabria.com\/en\/ihcantabria-inaugurates-the-2nd-training-course-within-the-framework-of-the-project-complementary-studies-for-the-integral-solution-to-the-floods-in-the-malecon-de-la-habana\/\">May<\/a> and <a href=\"https:\/\/ihcantabria.com\/en\/ihcantabria-receives-this-week-two-delegations-from-cuba\/\">November<\/a> of this year. Several Cuban professionals, including representatives of the Hydraulic Research Center of the Technological University of Havana (CIH-CUJAE), have participated in these training courses, which have been shared by IHCantabria&#8217;s teaching and research staff.<\/p>\n<p>The recent visit of the general director and manager of IHCantabria has allowed to consolidate its institutional contribution with CUJAE, through the signing of a collaboration agreement with the Society of Science and Technology Interface of the Technological University of Havana &#8220;Jos\u00e9 Antonio Echeverr\u00eda&#8221; (CETA S.A.), created in 2020 with the aim of strengthening the links between the Cuban university and the productive and services sector, through transfer and innovation projects.<\/p>\n<p><strong>Outstanding trajectory of Ra\u00fal Medina Santamar\u00eda <\/strong><\/p>\n<p><a href=\"https:\/\/ihcantabria.com\/en\/staff-directory\/raul-medina-santamaria\/\">Ra\u00fal Medina<\/a> is a leading expert in coastal engineering and environmental management, who has directed IHCantabria since 2011. He holds a PhD in Civil Engineering and has been a professor at the University of Cantabria since 1993. He has led important national and international research projects and multiple scientific publications. He has played key roles as an international consultant, is recognized for having developed innovative tools and methodologies -such as the Coastal Modeling System- and has twice received the National Environment Award.<\/p>\n<p>[\/et_pb_text][\/et_pb_column_inner][\/et_pb_row_inner][et_pb_row_inner column_structure=&#8221;1_2,1_2&#8243; _builder_version=&#8221;4.27.2&#8243; _module_preset=&#8221;default&#8221; custom_margin=&#8221;||-5%||false|false&#8221; locked=&#8221;off&#8221; collapsed=&#8221;off&#8221; global_colors_info=&#8221;{}&#8221;][et_pb_column_inner type=&#8221;1_2&#8243; saved_specialty_column_type=&#8221;3_4&#8243; _builder_version=&#8221;4.27.0&#8243; _module_preset=&#8221;default&#8221; global_colors_info=&#8221;{}&#8221;][et_pb_image src=&#8221;https:\/\/ihcantabria.com\/wp-content\/uploads\/2024\/11\/2.-Carlos-Gutierrez-recoge-el-Sello-CUJAE-de-IHCantabria_2.jpg&#8221; title_text=&#8221;2. Carlos Guti\u00e9rrez collects the CUJAE Seal from IHCantabria_2.&#8221; _builder_version=&#8221;4.27.4&#8243; _module_preset=&#8221;default&#8221; custom_margin=&#8221;|3%|||false|false&#8221; global_colors_info=&#8221;{}&#8221;][\/et_pb_image][et_pb_text _builder_version=&#8221;4.27.4&#8243; _module_preset=&#8221;default&#8221; text_font_size=&#8221;14px&#8221; hover_enabled=&#8221;0&#8243; global_colors_info=&#8221;{}&#8221; sticky_enabled=&#8221;0&#8243;]<\/p>\n<p>Carlos Guti\u00e9rrez received the &#8216;Sello CUJAE&#8217; on behalf of IHCantabria, as manager of this institution<\/p>\n<p>[\/et_pb_text][\/et_pb_column_inner][et_pb_column_inner type=&#8221;1_2&#8243; saved_specialty_column_type=&#8221;3_4&#8243; _builder_version=&#8221;4.27.0&#8243; _module_preset=&#8221;default&#8221; global_colors_info=&#8221;{}&#8221;][et_pb_image src=&#8221;https:\/\/ihcantabria.com\/wp-content\/uploads\/2024\/11\/Mesa-directiva-de-la-CUJAE-1.jpg&#8221; title_text=&#8221;CUJAE Board of Directors&#8221; _builder_version=&#8221;4.27.4&#8243; _module_preset=&#8221;default&#8221; custom_margin=&#8221;|2%||2%|false|false&#8221; global_colors_info=&#8221;{}&#8221;][\/et_pb_image][et_pb_text _builder_version=&#8221;4.27.4&#8243; _module_preset=&#8221;default&#8221; text_font_size=&#8221;14px&#8221; hover_enabled=&#8221;0&#8243; global_colors_info=&#8221;{}&#8221; sticky_enabled=&#8221;0&#8243;]<\/p>\n<p>Luis Alberto Rueda Guzm\u00e1n, director of International Relations of the CUJAE, during the reading of the resolution on the awarding of the &#8216;Sello CUJAE&#8217;<\/p>\n<p>[\/et_pb_text][\/et_pb_column_inner][\/et_pb_row_inner][et_pb_row_inner column_structure=&#8221;1_2,1_2&#8243; _builder_version=&#8221;4.27.2&#8243; _module_preset=&#8221;default&#8221; custom_margin=&#8221;||-5%||false|false&#8221; locked=&#8221;off&#8221; collapsed=&#8221;off&#8221; global_colors_info=&#8221;{}&#8221;][et_pb_column_inner type=&#8221;1_2&#8243; saved_specialty_column_type=&#8221;3_4&#8243; _builder_version=&#8221;4.27.0&#8243; _module_preset=&#8221;default&#8221; global_colors_info=&#8221;{}&#8221;][et_pb_image src=&#8221;https:\/\/ihcantabria.com\/wp-content\/uploads\/2024\/11\/3.-Raul-Medina-y-Carlos-Gutierrez-con-los-Sello-CUJAE.jpg&#8221; title_text=&#8221;3. Ra\u00fal Medina and Carlos Guti\u00e9rrez with the CUJAE Stamps&#8221; _builder_version=&#8221;4.27.4&#8243; _module_preset=&#8221;default&#8221; custom_margin=&#8221;|3%|||false|false&#8221; global_colors_info=&#8221;{}&#8221;][\/et_pb_image][et_pb_text _builder_version=&#8221;4.27.4&#8243; _module_preset=&#8221;default&#8221; text_font_size=&#8221;14px&#8221; hover_enabled=&#8221;0&#8243; global_colors_info=&#8221;{}&#8221; sticky_enabled=&#8221;0&#8243;]<\/p>\n<p>Ra\u00fal Medina and Carlos Guti\u00e9rrez pose with the &#8216;Sello CUJAE&#8217; they received yesterday from the Universidad Tecnol\u00f3gica de La Habana &#8220;Jos\u00e9 Antonio Echeverr\u00eda&#8221;<\/p>\n<p>[\/et_pb_text][\/et_pb_column_inner][et_pb_column_inner type=&#8221;1_2&#8243; saved_specialty_column_type=&#8221;3_4&#8243; _builder_version=&#8221;4.27.0&#8243; _module_preset=&#8221;default&#8221; global_colors_info=&#8221;{}&#8221;][et_pb_image src=&#8221;https:\/\/ihcantabria.com\/wp-content\/uploads\/2024\/11\/2.-Carlos-Gutierrez-recoge-el-Sello-CUJAE_2-3.jpg&#8221; title_text=&#8221;2. Carlos Guti\u00e9rrez collects the CUJAE_2 Seal.&#8221; _builder_version=&#8221;4.27.4&#8243; _module_preset=&#8221;default&#8221; custom_margin=&#8221;|2%||2%|false|false&#8221; hover_enabled=&#8221;0&#8243; global_colors_info=&#8221;{}&#8221; sticky_enabled=&#8221;0&#8243;][\/et_pb_image][et_pb_text _builder_version=&#8221;4.27.4&#8243; _module_preset=&#8221;default&#8221; text_font_size=&#8221;14px&#8221; hover_enabled=&#8221;0&#8243; global_colors_info=&#8221;{}&#8221; sticky_enabled=&#8221;0&#8243;]<\/p>\n<p>As manager of this institution, Carlos Guti\u00e9rrez thanked the university for awarding the &#8216;Sello CUJAE&#8217; to IHCantabria, which he considers &#8220;an award from and for all of IHCantabria&#8221;<\/p>\n<p>[\/et_pb_text][\/et_pb_column_inner][\/et_pb_row_inner][et_pb_row_inner column_structure=&#8221;1_2,1_2&#8243; _builder_version=&#8221;4.27.2&#8243; _module_preset=&#8221;default&#8221; custom_margin=&#8221;||-5%||false|false&#8221; locked=&#8221;off&#8221; collapsed=&#8221;off&#8221; global_colors_info=&#8221;{}&#8221;][et_pb_column_inner type=&#8221;1_2&#8243; saved_specialty_column_type=&#8221;3_4&#8243; _builder_version=&#8221;4.27.0&#8243; _module_preset=&#8221;default&#8221; global_colors_info=&#8221;{}&#8221;][et_pb_image src=&#8221;https:\/\/ihcantabria.com\/wp-content\/uploads\/2024\/11\/Firma-de-convenio-entre-CETA-e-IHCantabria.jpg&#8221; title_text=&#8221;Signing of agreement between CETA and IHCantabria&#8221; _builder_version=&#8221;4.27.4&#8243; _module_preset=&#8221;default&#8221; custom_margin=&#8221;|3%|||false|false&#8221; hover_enabled=&#8221;0&#8243; global_colors_info=&#8221;{}&#8221; sticky_enabled=&#8221;0&#8243;][\/et_pb_image][et_pb_text _builder_version=&#8221;4.27.4&#8243; _module_preset=&#8221;default&#8221; text_font_size=&#8221;14px&#8221; hover_enabled=&#8221;0&#8243; global_colors_info=&#8221;{}&#8221; sticky_enabled=&#8221;0&#8243;]<\/p>\n<p>Signing of the collaboration agreement between the general director of IHCantabria, Ra\u00fal Medina, and the president of the &#8220;Sociedad de Interfaz de Ciencia y Tecnolog\u00eda de la Universidad Tecnol\u00f3gica de La Habana Jos\u00e9 Antonio Echeverr\u00eda&#8221; (CETA S.A.), Danae Pigueiras<\/p>\n<p>[\/et_pb_text][\/et_pb_column_inner][et_pb_column_inner type=&#8221;1_2&#8243; saved_specialty_column_type=&#8221;3_4&#8243; _builder_version=&#8221;4.27.0&#8243; _module_preset=&#8221;default&#8221; global_colors_info=&#8221;{}&#8221;][et_pb_image src=&#8221;https:\/\/ihcantabria.com\/wp-content\/uploads\/2024\/11\/60o-aniversario-de-la-CUJAE-1.jpg&#8221; title_text=&#8221;60th anniversary of CUJAE&#8221; _builder_version=&#8221;4.27.4&#8243; _module_preset=&#8221;default&#8221; custom_margin=&#8221;|2%||2%|false|false&#8221; global_colors_info=&#8221;{}&#8221;][\/et_pb_image][et_pb_text _builder_version=&#8221;4.27.4&#8243; _module_preset=&#8221;default&#8221; text_font_size=&#8221;14px&#8221; hover_enabled=&#8221;0&#8243; global_colors_info=&#8221;{}&#8221; sticky_enabled=&#8221;0&#8243;]<\/p>\n<p>The events in which the managing director and the manager of IHCantabria participated this week are part of the activities organized to commemorate the 60th anniversary of the CUJAE, in Havana, Cuba. In the photo, pose Ra\u00fal Medina and Danae Pigueiras, after the signing of the agreement between IHCantabria and CETA S.A.<\/p>\n<p>[\/et_pb_text][\/et_pb_column_inner][\/et_pb_row_inner][et_pb_row_inner column_structure=&#8221;1_2,1_2&#8243; _builder_version=&#8221;4.27.2&#8243; _module_preset=&#8221;default&#8221; custom_margin=&#8221;||-5%||false|false&#8221; locked=&#8221;off&#8221; collapsed=&#8221;off&#8221; global_colors_info=&#8221;{}&#8221;][et_pb_column_inner type=&#8221;1_2&#8243; saved_specialty_column_type=&#8221;3_4&#8243; _builder_version=&#8221;4.27.0&#8243; _module_preset=&#8221;default&#8221; global_colors_info=&#8221;{}&#8221;][et_pb_image src=&#8221;https:\/\/ihcantabria.com\/wp-content\/uploads\/2024\/11\/Raul-Medina-y-Carlos-Gutierrez-junto-a-profesores-de-la-CUJAE.jpg&#8221; title_text=&#8221;Ra\u00fal Medina and Carlos Guti\u00e9rrez with CUJAE professors&#8221; _builder_version=&#8221;4.27.4&#8243; _module_preset=&#8221;default&#8221; custom_margin=&#8221;|3%|||false|false&#8221; global_colors_info=&#8221;{}&#8221;][\/et_pb_image][et_pb_text _builder_version=&#8221;4.27.4&#8243; _module_preset=&#8221;default&#8221; text_font_size=&#8221;14px&#8221; hover_enabled=&#8221;0&#8243; global_colors_info=&#8221;{}&#8221; sticky_enabled=&#8221;0&#8243;]<\/p>\n<p>From left to right: Ra\u00fal Medina, managing director of IHCantabria; Luis Ferm\u00edn C\u00f3rdova, technical director of CIH-CUJAE; Patricia Ruth de Horta Brito, professor at CIH-CUJAE; Carlos Guti\u00e9rrez, manager of IHCantabria, and Odalys \u00c1lvarez, dean of Civil Engineering at CUJAE<\/p>\n<p>[\/et_pb_text][\/et_pb_column_inner][et_pb_column_inner type=&#8221;1_2&#8243; saved_specialty_column_type=&#8221;3_4&#8243; _builder_version=&#8221;4.27.0&#8243; _module_preset=&#8221;default&#8221; global_colors_info=&#8221;{}&#8221;][et_pb_image src=&#8221;https:\/\/ihcantabria.com\/wp-content\/uploads\/2024\/11\/Asistentes-al-acto-de-entrega-de-Sellos-CUJAE-1.jpg&#8221; title_text=&#8221;Attendees at the CUJAE Stamp Award Ceremony&#8221; _builder_version=&#8221;4.27.4&#8243; _module_preset=&#8221;default&#8221; custom_margin=&#8221;|2%||2%|false|false&#8221; global_colors_info=&#8221;{}&#8221;][\/et_pb_image][et_pb_text _builder_version=&#8221;4.27.4&#8243; _module_preset=&#8221;default&#8221; text_font_size=&#8221;14px&#8221; hover_enabled=&#8221;0&#8243; global_colors_info=&#8221;{}&#8221; sticky_enabled=&#8221;0&#8243;]<\/p>\n<p>Nearly 100 people attended yesterday&#8217;s CUJAE Seal award ceremony at the &#8220;Palacio de Convenciones de Cuba&#8221;<\/p>\n<p>[\/et_pb_text][\/et_pb_column_inner][\/et_pb_row_inner][\/et_pb_column][et_pb_column type=&#8221;1_4&#8243; _builder_version=&#8221;4.16&#8243; custom_padding=&#8221;|||&#8221; global_colors_info=&#8221;{}&#8221; custom_padding__hover=&#8221;|||&#8221;][et_pb_sidebar orientation=&#8221;right&#8221; area=&#8221;et_pb_widget_area_7&#8243; _builder_version=&#8221;4.27.0&#8243; _module_preset=&#8221;default&#8221; global_colors_info=&#8221;{}&#8221;][\/et_pb_sidebar][\/et_pb_column][\/et_pb_section]<\/p>\n","protected":false},"excerpt":{"rendered":"<p>The award ceremony of this distinction of the Universidad Tecnol\u00f3gica de La Habana &#8220;Jos\u00e9 Antonio Echeverr\u00eda&#8221; (CUJAE) was attended by about 100 people, including university authorities, honorees and guests.<\/p>\n","protected":false},"author":6,"featured_media":168374,"comment_status":"open","ping_status":"open","sticky":false,"template":"","format":"standard","meta":{"_et_pb_use_builder":"on","_et_pb_old_content":"","_et_gb_content_width":"","footnotes":""},"categories":[500,579],"tags":[],"class_list":["post-168455","post","type-post","status-publish","format-standard","has-post-thumbnail","hentry","category-general-news","category-meritos"],"yoast_head":"<!-- This site is optimized with the Yoast SEO plugin v28.3 - https:\/\/yoast.com\/product\/yoast-seo-wordpress\/ -->\n<title>IHCantabria and its general director, Ra\u00fal Medina, have received the &#039;Sello CUJAE&#039; in Havana, Cuba &#060; IHCantabria<\/title>\n<meta name=\"description\" content=\"The award ceremony of this distinction of the Universidad Tecnol\u00f3gica de La Habana &quot;Jos\u00e9 Antonio Echeverr\u00eda&quot; (CUJAE) was attended by about 100 people, including university authorities, honorees and guests.\" \/>\n<meta name=\"robots\" content=\"index, follow, max-snippet:-1, max-image-preview:large, max-video-preview:-1\" \/>\n<link rel=\"canonical\" href=\"https:\/\/ihcantabria.com\/en\/ihcantabria-and-its-general-director-raul-medina-have-received-the-cujae-seal-in-havana-cuba\/\" \/>\n<meta property=\"og:locale\" content=\"en_US\" \/>\n<meta property=\"og:type\" content=\"article\" \/>\n<meta property=\"og:title\" content=\"IHCantabria and its general director, Ra\u00fal Medina, have received the &#039;Sello CUJAE&#039; in Havana, Cuba &#060; IHCantabria\" \/>\n<meta property=\"og:description\" content=\"The award ceremony of this distinction of the Universidad Tecnol\u00f3gica de La Habana &quot;Jos\u00e9 Antonio Echeverr\u00eda&quot; (CUJAE) was attended by about 100 people, including university authorities, honorees and guests.\" \/>\n<meta property=\"og:url\" content=\"https:\/\/ihcantabria.com\/en\/ihcantabria-and-its-general-director-raul-medina-have-received-the-cujae-seal-in-havana-cuba\/\" \/>\n<meta property=\"og:site_name\" content=\"IHCantabria\" \/>\n<meta property=\"article:published_time\" content=\"2024-11-28T13:44:21+00:00\" \/>\n<meta property=\"article:modified_time\" content=\"2024-12-15T22:01:40+00:00\" \/>\n<meta property=\"og:image\" content=\"https:\/\/ihcantabria.com\/wp-content\/uploads\/2024\/11\/1.-Raul-Medina-recibe-el-Sello-CUJAE.jpg\" \/>\n\t<meta property=\"og:image:width\" content=\"696\" \/>\n\t<meta property=\"og:image:height\" content=\"627\" \/>\n\t<meta property=\"og:image:type\" content=\"image\/jpeg\" \/>\n<meta name=\"twitter:card\" content=\"summary_large_image\" \/>\n<meta name=\"twitter:creator\" content=\"@IHCantabria\" \/>\n<meta name=\"twitter:site\" content=\"@IHCantabria\" \/>\n<script type=\"application\/ld+json\" class=\"yoast-schema-graph\">{\"@context\":\"https:\\\/\\\/schema.org\",\"@graph\":[{\"@type\":\"Article\",\"@id\":\"https:\\\/\\\/ihcantabria.com\\\/en\\\/ihcantabria-and-its-general-director-raul-medina-have-received-the-cujae-seal-in-havana-cuba\\\/#article\",\"isPartOf\":{\"@id\":\"https:\\\/\\\/ihcantabria.com\\\/en\\\/ihcantabria-and-its-general-director-raul-medina-have-received-the-cujae-seal-in-havana-cuba\\\/\"},\"author\":{\"name\":\"\",\"@id\":\"\"},\"headline\":\"IHCantabria and its general director, Ra\u00fal Medina, have received the &#8216;Sello CUJAE&#8217; in Havana, Cuba\",\"datePublished\":\"2024-11-28T13:44:21+00:00\",\"dateModified\":\"2024-12-15T22:01:40+00:00\",\"mainEntityOfPage\":{\"@id\":\"https:\\\/\\\/ihcantabria.com\\\/en\\\/ihcantabria-and-its-general-director-raul-medina-have-received-the-cujae-seal-in-havana-cuba\\\/\"},\"wordCount\":3317,\"commentCount\":0,\"publisher\":{\"@id\":\"https:\\\/\\\/ihcantabria.com\\\/en\\\/#organization\"},\"image\":{\"@id\":\"https:\\\/\\\/ihcantabria.com\\\/en\\\/ihcantabria-and-its-general-director-raul-medina-have-received-the-cujae-seal-in-havana-cuba\\\/#primaryimage\"},\"thumbnailUrl\":\"https:\\\/\\\/ihcantabria.com\\\/wp-content\\\/uploads\\\/2024\\\/11\\\/1.-Raul-Medina-recibe-el-Sello-CUJAE.jpg\",\"articleSection\":[\"General News\",\"M\u00e9ritos\"],\"inLanguage\":\"en-US\",\"potentialAction\":[{\"@type\":\"CommentAction\",\"name\":\"Comment\",\"target\":[\"https:\\\/\\\/ihcantabria.com\\\/en\\\/ihcantabria-and-its-general-director-raul-medina-have-received-the-cujae-seal-in-havana-cuba\\\/#respond\"]}]},{\"@type\":\"WebPage\",\"@id\":\"https:\\\/\\\/ihcantabria.com\\\/en\\\/ihcantabria-and-its-general-director-raul-medina-have-received-the-cujae-seal-in-havana-cuba\\\/\",\"url\":\"https:\\\/\\\/ihcantabria.com\\\/en\\\/ihcantabria-and-its-general-director-raul-medina-have-received-the-cujae-seal-in-havana-cuba\\\/\",\"name\":\"IHCantabria and its general director, Ra\u00fal Medina, have received the 'Sello CUJAE' in Havana, Cuba &#060; IHCantabria\",\"isPartOf\":{\"@id\":\"https:\\\/\\\/ihcantabria.com\\\/en\\\/#website\"},\"primaryImageOfPage\":{\"@id\":\"https:\\\/\\\/ihcantabria.com\\\/en\\\/ihcantabria-and-its-general-director-raul-medina-have-received-the-cujae-seal-in-havana-cuba\\\/#primaryimage\"},\"image\":{\"@id\":\"https:\\\/\\\/ihcantabria.com\\\/en\\\/ihcantabria-and-its-general-director-raul-medina-have-received-the-cujae-seal-in-havana-cuba\\\/#primaryimage\"},\"thumbnailUrl\":\"https:\\\/\\\/ihcantabria.com\\\/wp-content\\\/uploads\\\/2024\\\/11\\\/1.-Raul-Medina-recibe-el-Sello-CUJAE.jpg\",\"datePublished\":\"2024-11-28T13:44:21+00:00\",\"dateModified\":\"2024-12-15T22:01:40+00:00\",\"description\":\"The award ceremony of this distinction of the Universidad Tecnol\u00f3gica de La Habana \\\"Jos\u00e9 Antonio Echeverr\u00eda\\\" (CUJAE) was attended by about 100 people, including university authorities, honorees and guests.\",\"breadcrumb\":{\"@id\":\"https:\\\/\\\/ihcantabria.com\\\/en\\\/ihcantabria-and-its-general-director-raul-medina-have-received-the-cujae-seal-in-havana-cuba\\\/#breadcrumb\"},\"inLanguage\":\"en-US\",\"potentialAction\":[{\"@type\":\"ReadAction\",\"target\":[\"https:\\\/\\\/ihcantabria.com\\\/en\\\/ihcantabria-and-its-general-director-raul-medina-have-received-the-cujae-seal-in-havana-cuba\\\/\"]}]},{\"@type\":\"ImageObject\",\"inLanguage\":\"en-US\",\"@id\":\"https:\\\/\\\/ihcantabria.com\\\/en\\\/ihcantabria-and-its-general-director-raul-medina-have-received-the-cujae-seal-in-havana-cuba\\\/#primaryimage\",\"url\":\"https:\\\/\\\/ihcantabria.com\\\/wp-content\\\/uploads\\\/2024\\\/11\\\/1.-Raul-Medina-recibe-el-Sello-CUJAE.jpg\",\"contentUrl\":\"https:\\\/\\\/ihcantabria.com\\\/wp-content\\\/uploads\\\/2024\\\/11\\\/1.-Raul-Medina-recibe-el-Sello-CUJAE.jpg\",\"width\":696,\"height\":627},{\"@type\":\"BreadcrumbList\",\"@id\":\"https:\\\/\\\/ihcantabria.com\\\/en\\\/ihcantabria-and-its-general-director-raul-medina-have-received-the-cujae-seal-in-havana-cuba\\\/#breadcrumb\",\"itemListElement\":[{\"@type\":\"ListItem\",\"position\":1,\"name\":\"General News\",\"item\":\"https:\\\/\\\/ihcantabria.com\\\/en\\\/category\\\/general-news\\\/\"},{\"@type\":\"ListItem\",\"position\":2,\"name\":\"IHCantabria and its general director, Ra\u00fal Medina, have received the &#8216;Sello CUJAE&#8217; in Havana, Cuba\"}]},{\"@type\":\"WebSite\",\"@id\":\"https:\\\/\\\/ihcantabria.com\\\/en\\\/#website\",\"url\":\"https:\\\/\\\/ihcantabria.com\\\/en\\\/\",\"name\":\"IHCantabria\",\"description\":\"Environmental Hydraulics Institute of the Universidad de Cantabria\",\"publisher\":{\"@id\":\"https:\\\/\\\/ihcantabria.com\\\/en\\\/#organization\"},\"potentialAction\":[{\"@type\":\"SearchAction\",\"target\":{\"@type\":\"EntryPoint\",\"urlTemplate\":\"https:\\\/\\\/ihcantabria.com\\\/en\\\/?s={search_term_string}\"},\"query-input\":{\"@type\":\"PropertyValueSpecification\",\"valueRequired\":true,\"valueName\":\"search_term_string\"}}],\"inLanguage\":\"en-US\"},{\"@type\":\"Organization\",\"@id\":\"https:\\\/\\\/ihcantabria.com\\\/en\\\/#organization\",\"name\":\"IHCantabria\",\"url\":\"https:\\\/\\\/ihcantabria.com\\\/en\\\/\",\"logo\":{\"@type\":\"ImageObject\",\"inLanguage\":\"en-US\",\"@id\":\"https:\\\/\\\/ihcantabria.com\\\/en\\\/#\\\/schema\\\/logo\\\/image\\\/\",\"url\":\"https:\\\/\\\/ihcantabria.com\\\/wp-content\\\/uploads\\\/2020\\\/07\\\/Logo-IHCantabria-Universidad-Cantabria-cmyk.png\",\"contentUrl\":\"https:\\\/\\\/ihcantabria.com\\\/wp-content\\\/uploads\\\/2020\\\/07\\\/Logo-IHCantabria-Universidad-Cantabria-cmyk.png\",\"width\":2048,\"height\":846,\"caption\":\"IHCantabria\"},\"image\":{\"@id\":\"https:\\\/\\\/ihcantabria.com\\\/en\\\/#\\\/schema\\\/logo\\\/image\\\/\"},\"sameAs\":[\"https:\\\/\\\/x.com\\\/IHCantabria\",\"https:\\\/\\\/www.instagram.com\\\/ih.cantabria\\\/\",\"https:\\\/\\\/www.linkedin.com\\\/company\\\/ih-cantabria\\\/\",\"https:\\\/\\\/www.youtube.com\\\/channel\\\/UCnhpJ-BFw1cvDbPeO6N0MRQ\"]},{\"@type\":\"Person\",\"@id\":\"\",\"url\":\"https:\\\/\\\/ihcantabria.com\\\/en\\\/author\\\/\"}]}<\/script>\n<!-- \/ Yoast SEO plugin. -->","yoast_head_json":{"title":"IHCantabria and its general director, Ra\u00fal Medina, have received the 'Sello CUJAE' in Havana, Cuba &#060; IHCantabria","description":"The award ceremony of this distinction of the Universidad Tecnol\u00f3gica de La Habana \"Jos\u00e9 Antonio Echeverr\u00eda\" (CUJAE) was attended by about 100 people, including university authorities, honorees and guests.","robots":{"index":"index","follow":"follow","max-snippet":"max-snippet:-1","max-image-preview":"max-image-preview:large","max-video-preview":"max-video-preview:-1"},"canonical":"https:\/\/ihcantabria.com\/en\/ihcantabria-and-its-general-director-raul-medina-have-received-the-cujae-seal-in-havana-cuba\/","og_locale":"en_US","og_type":"article","og_title":"IHCantabria and its general director, Ra\u00fal Medina, have received the 'Sello CUJAE' in Havana, Cuba &#060; IHCantabria","og_description":"The award ceremony of this distinction of the Universidad Tecnol\u00f3gica de La Habana \"Jos\u00e9 Antonio Echeverr\u00eda\" (CUJAE) was attended by about 100 people, including university authorities, honorees and guests.","og_url":"https:\/\/ihcantabria.com\/en\/ihcantabria-and-its-general-director-raul-medina-have-received-the-cujae-seal-in-havana-cuba\/","og_site_name":"IHCantabria","article_published_time":"2024-11-28T13:44:21+00:00","article_modified_time":"2024-12-15T22:01:40+00:00","og_image":[{"width":696,"height":627,"url":"https:\/\/ihcantabria.com\/wp-content\/uploads\/2024\/11\/1.-Raul-Medina-recibe-el-Sello-CUJAE.jpg","type":"image\/jpeg"}],"twitter_card":"summary_large_image","twitter_creator":"@IHCantabria","twitter_site":"@IHCantabria","schema":{"@context":"https:\/\/schema.org","@graph":[{"@type":"Article","@id":"https:\/\/ihcantabria.com\/en\/ihcantabria-and-its-general-director-raul-medina-have-received-the-cujae-seal-in-havana-cuba\/#article","isPartOf":{"@id":"https:\/\/ihcantabria.com\/en\/ihcantabria-and-its-general-director-raul-medina-have-received-the-cujae-seal-in-havana-cuba\/"},"author":{"name":"","@id":""},"headline":"IHCantabria and its general director, Ra\u00fal Medina, have received the &#8216;Sello CUJAE&#8217; in Havana, Cuba","datePublished":"2024-11-28T13:44:21+00:00","dateModified":"2024-12-15T22:01:40+00:00","mainEntityOfPage":{"@id":"https:\/\/ihcantabria.com\/en\/ihcantabria-and-its-general-director-raul-medina-have-received-the-cujae-seal-in-havana-cuba\/"},"wordCount":3317,"commentCount":0,"publisher":{"@id":"https:\/\/ihcantabria.com\/en\/#organization"},"image":{"@id":"https:\/\/ihcantabria.com\/en\/ihcantabria-and-its-general-director-raul-medina-have-received-the-cujae-seal-in-havana-cuba\/#primaryimage"},"thumbnailUrl":"https:\/\/ihcantabria.com\/wp-content\/uploads\/2024\/11\/1.-Raul-Medina-recibe-el-Sello-CUJAE.jpg","articleSection":["General News","M\u00e9ritos"],"inLanguage":"en-US","potentialAction":[{"@type":"CommentAction","name":"Comment","target":["https:\/\/ihcantabria.com\/en\/ihcantabria-and-its-general-director-raul-medina-have-received-the-cujae-seal-in-havana-cuba\/#respond"]}]},{"@type":"WebPage","@id":"https:\/\/ihcantabria.com\/en\/ihcantabria-and-its-general-director-raul-medina-have-received-the-cujae-seal-in-havana-cuba\/","url":"https:\/\/ihcantabria.com\/en\/ihcantabria-and-its-general-director-raul-medina-have-received-the-cujae-seal-in-havana-cuba\/","name":"IHCantabria and its general director, Ra\u00fal Medina, have received the 'Sello CUJAE' in Havana, Cuba &#060; IHCantabria","isPartOf":{"@id":"https:\/\/ihcantabria.com\/en\/#website"},"primaryImageOfPage":{"@id":"https:\/\/ihcantabria.com\/en\/ihcantabria-and-its-general-director-raul-medina-have-received-the-cujae-seal-in-havana-cuba\/#primaryimage"},"image":{"@id":"https:\/\/ihcantabria.com\/en\/ihcantabria-and-its-general-director-raul-medina-have-received-the-cujae-seal-in-havana-cuba\/#primaryimage"},"thumbnailUrl":"https:\/\/ihcantabria.com\/wp-content\/uploads\/2024\/11\/1.-Raul-Medina-recibe-el-Sello-CUJAE.jpg","datePublished":"2024-11-28T13:44:21+00:00","dateModified":"2024-12-15T22:01:40+00:00","description":"The award ceremony of this distinction of the Universidad Tecnol\u00f3gica de La Habana \"Jos\u00e9 Antonio Echeverr\u00eda\" (CUJAE) was attended by about 100 people, including university authorities, honorees and guests.","breadcrumb":{"@id":"https:\/\/ihcantabria.com\/en\/ihcantabria-and-its-general-director-raul-medina-have-received-the-cujae-seal-in-havana-cuba\/#breadcrumb"},"inLanguage":"en-US","potentialAction":[{"@type":"ReadAction","target":["https:\/\/ihcantabria.com\/en\/ihcantabria-and-its-general-director-raul-medina-have-received-the-cujae-seal-in-havana-cuba\/"]}]},{"@type":"ImageObject","inLanguage":"en-US","@id":"https:\/\/ihcantabria.com\/en\/ihcantabria-and-its-general-director-raul-medina-have-received-the-cujae-seal-in-havana-cuba\/#primaryimage","url":"https:\/\/ihcantabria.com\/wp-content\/uploads\/2024\/11\/1.-Raul-Medina-recibe-el-Sello-CUJAE.jpg","contentUrl":"https:\/\/ihcantabria.com\/wp-content\/uploads\/2024\/11\/1.-Raul-Medina-recibe-el-Sello-CUJAE.jpg","width":696,"height":627},{"@type":"BreadcrumbList","@id":"https:\/\/ihcantabria.com\/en\/ihcantabria-and-its-general-director-raul-medina-have-received-the-cujae-seal-in-havana-cuba\/#breadcrumb","itemListElement":[{"@type":"ListItem","position":1,"name":"General News","item":"https:\/\/ihcantabria.com\/en\/category\/general-news\/"},{"@type":"ListItem","position":2,"name":"IHCantabria and its general director, Ra\u00fal Medina, have received the &#8216;Sello CUJAE&#8217; in Havana, Cuba"}]},{"@type":"WebSite","@id":"https:\/\/ihcantabria.com\/en\/#website","url":"https:\/\/ihcantabria.com\/en\/","name":"IHCantabria","description":"Environmental Hydraulics Institute of the Universidad de Cantabria","publisher":{"@id":"https:\/\/ihcantabria.com\/en\/#organization"},"potentialAction":[{"@type":"SearchAction","target":{"@type":"EntryPoint","urlTemplate":"https:\/\/ihcantabria.com\/en\/?s={search_term_string}"},"query-input":{"@type":"PropertyValueSpecification","valueRequired":true,"valueName":"search_term_string"}}],"inLanguage":"en-US"},{"@type":"Organization","@id":"https:\/\/ihcantabria.com\/en\/#organization","name":"IHCantabria","url":"https:\/\/ihcantabria.com\/en\/","logo":{"@type":"ImageObject","inLanguage":"en-US","@id":"https:\/\/ihcantabria.com\/en\/#\/schema\/logo\/image\/","url":"https:\/\/ihcantabria.com\/wp-content\/uploads\/2020\/07\/Logo-IHCantabria-Universidad-Cantabria-cmyk.png","contentUrl":"https:\/\/ihcantabria.com\/wp-content\/uploads\/2020\/07\/Logo-IHCantabria-Universidad-Cantabria-cmyk.png","width":2048,"height":846,"caption":"IHCantabria"},"image":{"@id":"https:\/\/ihcantabria.com\/en\/#\/schema\/logo\/image\/"},"sameAs":["https:\/\/x.com\/IHCantabria","https:\/\/www.instagram.com\/ih.cantabria\/","https:\/\/www.linkedin.com\/company\/ih-cantabria\/","https:\/\/www.youtube.com\/channel\/UCnhpJ-BFw1cvDbPeO6N0MRQ"]},{"@type":"Person","@id":"","url":"https:\/\/ihcantabria.com\/en\/author\/"}]}},"_links":{"self":[{"href":"https:\/\/ihcantabria.com\/en\/wp-json\/wp\/v2\/posts\/168455","targetHints":{"allow":["GET"]}}],"collection":[{"href":"https:\/\/ihcantabria.com\/en\/wp-json\/wp\/v2\/posts"}],"about":[{"href":"https:\/\/ihcantabria.com\/en\/wp-json\/wp\/v2\/types\/post"}],"author":[{"embeddable":true,"href":"https:\/\/ihcantabria.com\/en\/wp-json\/wp\/v2\/users\/6"}],"replies":[{"embeddable":true,"href":"https:\/\/ihcantabria.com\/en\/wp-json\/wp\/v2\/comments?post=168455"}],"version-history":[{"count":7,"href":"https:\/\/ihcantabria.com\/en\/wp-json\/wp\/v2\/posts\/168455\/revisions"}],"predecessor-version":[{"id":168688,"href":"https:\/\/ihcantabria.com\/en\/wp-json\/wp\/v2\/posts\/168455\/revisions\/168688"}],"wp:featuredmedia":[{"embeddable":true,"href":"https:\/\/ihcantabria.com\/en\/wp-json\/wp\/v2\/media\/168374"}],"wp:attachment":[{"href":"https:\/\/ihcantabria.com\/en\/wp-json\/wp\/v2\/media?parent=168455"}],"wp:term":[{"taxonomy":"category","embeddable":true,"href":"https:\/\/ihcantabria.com\/en\/wp-json\/wp\/v2\/categories?post=168455"},{"taxonomy":"post_tag","embeddable":true,"href":"https:\/\/ihcantabria.com\/en\/wp-json\/wp\/v2\/tags?post=168455"}],"curies":[{"name":"wp","href":"https:\/\/api.w.org\/{rel}","templated":true}]}}